{"id":1879,"date":"2019-08-16T22:30:26","date_gmt":"2019-08-17T02:30:26","guid":{"rendered":"http:\/\/www.andreaimaginario.com\/sitee\/?p=1879"},"modified":"2019-08-16T22:30:26","modified_gmt":"2019-08-17T02:30:26","slug":"cancion-gracias-a-la-vida-de-violeta-parra","status":"publish","type":"post","link":"http:\/\/www.andreaimaginario.com\/sitee\/cancion-gracias-a-la-vida-de-violeta-parra\/","title":{"rendered":"Canci\u00f3n Gracias a la vida, de Violeta Parra"},"content":{"rendered":"<p>Al menos para m\u00ed, que escribo estas l\u00edneas, en el fondo de aquellas frases recogidas en la canci\u00f3n <em>Gracias a la vida<\/em>, de Violeta Parra, hay una tristeza que traspasa, como quien pretende recoger agua de un r\u00edo usando un pa\u00f1o. Aquellas tramas de los hilos, por estrechas que sean, no pueden evitar las gotas que como llanto abren canales. Ser\u00e1 cuesti\u00f3n de segundos para que aquella agua retenida desaparezca.<\/p>\n<p>Para leer el art\u00edculo completo haz clic en la siguiente imagen:<\/p>\n<p><a href=\"https:\/\/www.culturagenial.com\/es\/cancion-gracias-a-la-vida-de-violeta-parra\/\"><img loading=\"lazy\" class=\"size-medium wp-image-1880 aligncenter\" src=\"http:\/\/www.andreaimaginario.com\/sitee\/wp-content\/uploads\/2019\/08\/Cultura-Genial-Vertical-300x300.jpg\" alt=\"\" width=\"300\" height=\"300\" srcset=\"http:\/\/www.andreaimaginario.com\/sitee\/wp-content\/uploads\/2019\/08\/Cultura-Genial-Vertical-300x300.jpg 300w, http:\/\/www.andreaimaginario.com\/sitee\/wp-content\/uploads\/2019\/08\/Cultura-Genial-Vertical-150x150.jpg 150w, http:\/\/www.andreaimaginario.com\/sitee\/wp-content\/uploads\/2019\/08\/Cultura-Genial-Vertical-768x768.jpg 768w, http:\/\/www.andreaimaginario.com\/sitee\/wp-content\/uploads\/2019\/08\/Cultura-Genial-Vertical-1024x1024.jpg 1024w, http:\/\/www.andreaimaginario.com\/sitee\/wp-content\/uploads\/2019\/08\/Cultura-Genial-Vertical.jpg 1080w\" sizes=\"(max-width: 300px) 100vw, 300px\" \/><\/a><\/p>\n","protected":false},"excerpt":{"rendered":"<p>Al menos para m\u00ed, que escribo estas l\u00edneas, en el fondo de aquellas frases recogidas en la canci\u00f3n Gracias a la vida, de Violeta Parra, hay una tristeza que traspasa, como quien pretende recoger agua de un r\u00edo usando un pa\u00f1o. Aquellas tramas de los hilos, por estrechas que sean, no pueden evitar las gotas [&hellip;]<\/p>\n","protected":false},"author":1,"featured_media":0,"comment_status":"open","ping_status":"open","sticky":false,"template":"","format":"standard","meta":[],"categories":[1],"tags":[],"_links":{"self":[{"href":"http:\/\/www.andreaimaginario.com\/sitee\/wp-json\/wp\/v2\/posts\/1879"}],"collection":[{"href":"http:\/\/www.andreaimaginario.com\/sitee\/wp-json\/wp\/v2\/posts"}],"about":[{"href":"http:\/\/www.andreaimaginario.com\/sitee\/wp-json\/wp\/v2\/types\/post"}],"author":[{"embeddable":true,"href":"http:\/\/www.andreaimaginario.com\/sitee\/wp-json\/wp\/v2\/users\/1"}],"replies":[{"embeddable":true,"href":"http:\/\/www.andreaimaginario.com\/sitee\/wp-json\/wp\/v2\/comments?post=1879"}],"version-history":[{"count":1,"href":"http:\/\/www.andreaimaginario.com\/sitee\/wp-json\/wp\/v2\/posts\/1879\/revisions"}],"predecessor-version":[{"id":1881,"href":"http:\/\/www.andreaimaginario.com\/sitee\/wp-json\/wp\/v2\/posts\/1879\/revisions\/1881"}],"wp:attachment":[{"href":"http:\/\/www.andreaimaginario.com\/sitee\/wp-json\/wp\/v2\/media?parent=1879"}],"wp:term":[{"taxonomy":"category","embeddable":true,"href":"http:\/\/www.andreaimaginario.com\/sitee\/wp-json\/wp\/v2\/categories?post=1879"},{"taxonomy":"post_tag","embeddable":true,"href":"http:\/\/www.andreaimaginario.com\/sitee\/wp-json\/wp\/v2\/tags?post=1879"}],"curies":[{"name":"wp","href":"https:\/\/api.w.org\/{rel}","templated":true}]}}