{"id":1887,"date":"2019-08-26T08:37:14","date_gmt":"2019-08-26T12:37:14","guid":{"rendered":"http:\/\/www.andreaimaginario.com\/sitee\/?p=1887"},"modified":"2019-08-26T08:37:14","modified_gmt":"2019-08-26T12:37:14","slug":"sobre-rayuela-de-julio-cortazar","status":"publish","type":"post","link":"http:\/\/www.andreaimaginario.com\/sitee\/sobre-rayuela-de-julio-cortazar\/","title":{"rendered":"Sobre Rayuela, de Julio Cort\u00e1zar"},"content":{"rendered":"<p>La primera vez que le\u00ed\u00a0<em>Rayuela<\/em>, justo cuando iniciaba mi formaci\u00f3n universitaria, quise seguir el tablero de direcci\u00f3n. Un d\u00eda perd\u00ed el marcador de la p\u00e1gina y confi\u00e9 en mi memoria para retomar el orden de lectura. Al llegar al \u201cfinal\u201d, me di cuenta de que me hab\u00eda saltado algo importante. Verifiqu\u00e9 una vez m\u00e1s el tablero de direcci\u00f3n, solo para descubrir una enorme omisi\u00f3n (de varios cap\u00edtulos). De tanto indagar y estudiar el tablero de direcci\u00f3n, di con el punto de desv\u00edo, pero adem\u00e1s advert\u00ed que faltaba el cap\u00edtulo 55 en el tablero. \u00bfUn error de imprenta? No. Una decisi\u00f3n deliberada del autor.<\/p>\n<p>Lee el art\u00edculo completo haciendo clic en la siguiente imagen:<\/p>\n<p><a href=\"https:\/\/www.culturagenial.com\/es\/novela-rayuela-de-julio-cortazar\/\"><img loading=\"lazy\" class=\"size-medium wp-image-1888 aligncenter\" src=\"http:\/\/www.andreaimaginario.com\/sitee\/wp-content\/uploads\/2019\/08\/CG-vertical-1-300x300.jpg\" alt=\"\" width=\"300\" height=\"300\" srcset=\"http:\/\/www.andreaimaginario.com\/sitee\/wp-content\/uploads\/2019\/08\/CG-vertical-1-300x300.jpg 300w, http:\/\/www.andreaimaginario.com\/sitee\/wp-content\/uploads\/2019\/08\/CG-vertical-1-150x150.jpg 150w, http:\/\/www.andreaimaginario.com\/sitee\/wp-content\/uploads\/2019\/08\/CG-vertical-1-768x768.jpg 768w, http:\/\/www.andreaimaginario.com\/sitee\/wp-content\/uploads\/2019\/08\/CG-vertical-1-1024x1024.jpg 1024w, http:\/\/www.andreaimaginario.com\/sitee\/wp-content\/uploads\/2019\/08\/CG-vertical-1.jpg 1080w\" sizes=\"(max-width: 300px) 100vw, 300px\" \/><\/a><\/p>\n","protected":false},"excerpt":{"rendered":"<p>La primera vez que le\u00ed\u00a0Rayuela, justo cuando iniciaba mi formaci\u00f3n universitaria, quise seguir el tablero de direcci\u00f3n. Un d\u00eda perd\u00ed el marcador de la p\u00e1gina y confi\u00e9 en mi memoria para retomar el orden de lectura. Al llegar al \u201cfinal\u201d, me di cuenta de que me hab\u00eda saltado algo importante. Verifiqu\u00e9 una vez m\u00e1s el [&hellip;]<\/p>\n","protected":false},"author":1,"featured_media":0,"comment_status":"open","ping_status":"open","sticky":false,"template":"","format":"standard","meta":[],"categories":[1],"tags":[],"_links":{"self":[{"href":"http:\/\/www.andreaimaginario.com\/sitee\/wp-json\/wp\/v2\/posts\/1887"}],"collection":[{"href":"http:\/\/www.andreaimaginario.com\/sitee\/wp-json\/wp\/v2\/posts"}],"about":[{"href":"http:\/\/www.andreaimaginario.com\/sitee\/wp-json\/wp\/v2\/types\/post"}],"author":[{"embeddable":true,"href":"http:\/\/www.andreaimaginario.com\/sitee\/wp-json\/wp\/v2\/users\/1"}],"replies":[{"embeddable":true,"href":"http:\/\/www.andreaimaginario.com\/sitee\/wp-json\/wp\/v2\/comments?post=1887"}],"version-history":[{"count":1,"href":"http:\/\/www.andreaimaginario.com\/sitee\/wp-json\/wp\/v2\/posts\/1887\/revisions"}],"predecessor-version":[{"id":1889,"href":"http:\/\/www.andreaimaginario.com\/sitee\/wp-json\/wp\/v2\/posts\/1887\/revisions\/1889"}],"wp:attachment":[{"href":"http:\/\/www.andreaimaginario.com\/sitee\/wp-json\/wp\/v2\/media?parent=1887"}],"wp:term":[{"taxonomy":"category","embeddable":true,"href":"http:\/\/www.andreaimaginario.com\/sitee\/wp-json\/wp\/v2\/categories?post=1887"},{"taxonomy":"post_tag","embeddable":true,"href":"http:\/\/www.andreaimaginario.com\/sitee\/wp-json\/wp\/v2\/tags?post=1887"}],"curies":[{"name":"wp","href":"https:\/\/api.w.org\/{rel}","templated":true}]}}