{"id":794,"date":"2016-01-15T04:47:20","date_gmt":"2016-01-15T04:47:20","guid":{"rendered":"http:\/\/www.andreaimaginario.com\/sitee\/?p=794"},"modified":"2016-01-15T05:23:22","modified_gmt":"2016-01-15T05:23:22","slug":"de-mama-la-palabra-y-la-vida","status":"publish","type":"post","link":"http:\/\/www.andreaimaginario.com\/sitee\/de-mama-la-palabra-y-la-vida\/","title":{"rendered":"De mam\u00e1, la palabra y la vida"},"content":{"rendered":"<p style=\"text-align: left;\"><i>A mi sobrina<\/i><\/p>\n<p>&nbsp;<\/p>\n<p>Querida Estefan\u00eda:<\/p>\n<p><span style=\"line-height: 1.5;\">Te hice una promesa: que escribir\u00eda y publicar\u00eda todas las semanas un art\u00edculo o comentario y, a cambio, t\u00fa har\u00edas lo mismo. El prop\u00f3sito com\u00fan parte de una hip\u00f3tesis, posibilidad o intuici\u00f3n, seg\u00fan prefieras, surgida en mi infancia: la escritura salva o, mejor, la palabra compartida, la que llega a su destino y se regresa en forma de puente, de afecto o de liberaci\u00f3n. As\u00ed comienzo este proyecto: como un pacto sellado en la palabra y con la palabra para encontrarnos.<\/span><\/p>\n<p>No es cierto que las palabras pasan. Las palabras quedan, en forma de sabidur\u00eda, de paz, de amor o de dolor. Como este es mi primer comentario en este blog, quiero dejarte constancia en este fugaz mundo virtual, siempre azotado por la amenaza de que un virus destruya todo, de mis razones para vivir, amar y usar la palabra como poder m\u00e1gico, como s\u00edmbolo o recurso de uni\u00f3n entre las almas.<\/p>\n<p>Cuando yo ten\u00eda alrededor de cinco a\u00f1os mi mam\u00e1, mis hermanas y yo pas\u00e1bamos una v\u00edspera de a\u00f1o nuevo en la entrada del edificio encendiendo luces de bengala. Mam\u00e1 me sosten\u00eda en su regazo y me preguntaba: \u00ab\u00bfMe quieres?\u00bb. \u00abS\u00ed, mam\u00e1\u00bb, respond\u00eda yo. \u00ab\u00bfHasta d\u00f3nde me quieres?\u00bb, \u00abHasta la luna\u00bb. Y ella, con sus ojos grandes y verdes \u00a0como aceitunas, se\u00f1alando el cielo me dec\u00eda: \u00abYo te quiero hasta el infinito\u00bb. Aquel d\u00eda dej\u00f3 en m\u00ed una huella imborrable. Su palabra sell\u00f3 un pacto eterno.<\/p>\n<p>Mam\u00e1 dej\u00f3 de trabajar por un tiempo cuando yo ten\u00eda alrededor de nueve a\u00f1os. Pasaba las tardes conmigo. Me hac\u00eda ricas meriendas, pero lo que nunca olvido es lo mucho que convers\u00e1bamos. Siempre vi\u00f3 en m\u00ed un locutor digno y un banco donde sus memorias pod\u00edan ser transmitidas, dejando su experiencia como un inter\u00e9s creciente en mi beneficio: \u00abAprende de m\u00ed, que no te voy a durar toda la vida\u00bb, dec\u00eda. Me contaba de sus d\u00edas de tremenduras bajo el amparo de mis abuelos, del colegio de las monjas, del Ni\u00f1o Jes\u00fas, del Padre Antonio, de su t\u00eda Rosa, de su hermano, de los talentos que disfrut\u00f3 en su juventud, y de mi pap\u00e1 y de c\u00f3mo se enamor\u00f3 de \u00e9l; pero tambi\u00e9n me hablaba de sus opiniones sociales, pol\u00edticas, art\u00edsticas y religiosas, d\u00eda a d\u00eda, sin falta. \u00a1No te imaginas los debates!<\/p>\n<p>Yo le le\u00eda mis tareas mientras ella cocinaba. Ella pacientemente me escuchaba y me correg\u00eda. Ten\u00eda un pero para todo y me hac\u00eda preguntas para obligarme a razonar lo dicho; nunca me permiti\u00f3 repetir lo escrito en los libros como si fuera una m\u00e1quina almacenadora, y ten\u00eda raz\u00f3n. \u00a1Ese fog\u00f3n s\u00ed que sabe de mis errores! Puedo decir que he aprendido al calor del fuego. Pero siempre me sent\u00ed contenta de que as\u00ed fuera, de que me corrigiera cada detalle. As\u00ed fue como Mam\u00e1 me ense\u00f1\u00f3 a hablar y a escribir, pero con seso y afecto. Y as\u00ed puso libros en mis manos y belleza e ideas en mis pensamientos, para poder ver el mundo con ojos de fe y un poco de sentido com\u00fan. Le debo mucho a mi mam\u00e1: le debo cada palabra. Ella merece saber que no lo olvido, y qu\u00e9 mejor manera que estas palabras que hoy escribo, pues todas las palabras que se escriben son la memoria de aquellos que en nosotros han dejado su huella. Al comenzar te dije que la escritura salva, pero \u00bfde qu\u00e9? La escritura salva del olvido.<\/p>\n<p>Estefan\u00eda: hoy te entrego esta memoria a ti y al que la lea como un nuevo pacto, y te pido que se la leas a mi mam\u00e1, ahora que t\u00fa tienes la inmensa bendici\u00f3n de vivir con ella. Que nada se guarde en el s\u00f3tano del olvido. Todo ha de ser dicho. Todo ha de ser palabra fecunda, aun la palabra dolorosa. Todo ha de nombrarse para que exista. Toda palabra compartida es vida. Toda palabra escrita es eternidad.<\/p>\n","protected":false},"excerpt":{"rendered":"<p>A mi sobrina &nbsp; Querida Estefan\u00eda: Te hice una promesa: que escribir\u00eda y publicar\u00eda todas las semanas un art\u00edculo o comentario y, a cambio, t\u00fa har\u00edas lo mismo. El prop\u00f3sito com\u00fan parte de una hip\u00f3tesis, posibilidad o intuici\u00f3n, seg\u00fan prefieras, surgida en mi infancia: la escritura salva o, mejor, la palabra compartida, la que llega [&hellip;]<\/p>\n","protected":false},"author":1,"featured_media":0,"comment_status":"open","ping_status":"open","sticky":false,"template":"","format":"standard","meta":[],"categories":[1],"tags":[],"_links":{"self":[{"href":"http:\/\/www.andreaimaginario.com\/sitee\/wp-json\/wp\/v2\/posts\/794"}],"collection":[{"href":"http:\/\/www.andreaimaginario.com\/sitee\/wp-json\/wp\/v2\/posts"}],"about":[{"href":"http:\/\/www.andreaimaginario.com\/sitee\/wp-json\/wp\/v2\/types\/post"}],"author":[{"embeddable":true,"href":"http:\/\/www.andreaimaginario.com\/sitee\/wp-json\/wp\/v2\/users\/1"}],"replies":[{"embeddable":true,"href":"http:\/\/www.andreaimaginario.com\/sitee\/wp-json\/wp\/v2\/comments?post=794"}],"version-history":[{"count":8,"href":"http:\/\/www.andreaimaginario.com\/sitee\/wp-json\/wp\/v2\/posts\/794\/revisions"}],"predecessor-version":[{"id":803,"href":"http:\/\/www.andreaimaginario.com\/sitee\/wp-json\/wp\/v2\/posts\/794\/revisions\/803"}],"wp:attachment":[{"href":"http:\/\/www.andreaimaginario.com\/sitee\/wp-json\/wp\/v2\/media?parent=794"}],"wp:term":[{"taxonomy":"category","embeddable":true,"href":"http:\/\/www.andreaimaginario.com\/sitee\/wp-json\/wp\/v2\/categories?post=794"},{"taxonomy":"post_tag","embeddable":true,"href":"http:\/\/www.andreaimaginario.com\/sitee\/wp-json\/wp\/v2\/tags?post=794"}],"curies":[{"name":"wp","href":"https:\/\/api.w.org\/{rel}","templated":true}]}}