{"id":845,"date":"2016-07-10T15:27:13","date_gmt":"2016-07-10T15:27:13","guid":{"rendered":"http:\/\/www.andreaimaginario.com\/sitee\/?p=845"},"modified":"2016-07-10T15:27:13","modified_gmt":"2016-07-10T15:27:13","slug":"si-el-bien-no-es-comun-no-sera-bien","status":"publish","type":"post","link":"http:\/\/www.andreaimaginario.com\/sitee\/si-el-bien-no-es-comun-no-sera-bien\/","title":{"rendered":"Si el bien no es com\u00fan, no ser\u00e1 \u00abbien\u00bb"},"content":{"rendered":"<p>Con una tristeza profunda, me despierto y veo, vivo, la cruz que llevamos hoy como pueblo, sufriendo, temiendo, pasando innecesaria necesidad, sin poder hacer planes a largo plazo, o haci\u00e9ndolos a sabiendas de que cualquier d\u00eda, como un castillo de arena, la ola creciente podr\u00eda desmoronar todo sue\u00f1o de alcanzar el cielo; se ha ridiculizado en valor del trabajo. Me despierto y leo sobre el mundo: genocidios, cr\u00edmenes de odio, pero tambi\u00e9n algo de lo que nunca o poco se habla: el 1% de la poblaci\u00f3n mundial es hoy due\u00f1a del 99% de la riqueza mundial. Algo no va bien.<\/p>\n<p>En todo este escenario, me abisma ver las democracias en el mundo contra la pared, amenazadas y amordazadas por los nuevos totalitarismos: los del capital y los de los fanatismos ideol\u00f3gicos, todos disfrazados de voz popular. El capitalismo actual se ha absolutizado y pide el sacrificio de inocentes. Sus actores se han vuelto los \u00abultra\u00bb de las derechas. Los hijos resentidos del capitalismo actual, los \u00abultra\u00bb de las izquierdas, s\u00f3lo construyen un espejo del poder que repelen, reclamando tambi\u00e9n la sangre sacrificial de su pueblo. Han demostrado ser dignos hijos de su padre autoritario. Juntos constituyen la nueva casta sacerdotal de un credo sanguinario.<\/p>\n<p>\u00bfAcaso dormimos? Alguien que nos despierte: que suene la campana del reloj, y resuene el nombre del nuevo proyecto que nos anime. No basta con adversar el r\u00e9gimen actual. Hoy, que hasta la comida es un privilegio clientelar, necesitamos alimentar nuestra esperanza. A los que pretenden representar la voz de quienes padecemos las consecuencias de un proceso hist\u00f3rico tan conflictivo, parece que hay que recordarles: \u00a1Denle nombre, se\u00f1ores! \u00a1Denle nombre al nuevo horizonte de bien por el que esperamos en Venezuela y en todo el mundo! Porque si no tiene nombre, no ser\u00e1. Y si el bien no es com\u00fan, tampoco ser\u00e1 \u00abbien\u00bb.<\/p>\n","protected":false},"excerpt":{"rendered":"<p>Con una tristeza profunda, me despierto y veo, vivo, la cruz que llevamos hoy como pueblo, sufriendo, temiendo, pasando innecesaria necesidad, sin poder hacer planes a largo plazo, o haci\u00e9ndolos a sabiendas de que cualquier d\u00eda, como un castillo de arena, la ola creciente podr\u00eda desmoronar todo sue\u00f1o de alcanzar el cielo; se ha ridiculizado [&hellip;]<\/p>\n","protected":false},"author":1,"featured_media":0,"comment_status":"open","ping_status":"open","sticky":false,"template":"","format":"standard","meta":[],"categories":[1],"tags":[],"_links":{"self":[{"href":"http:\/\/www.andreaimaginario.com\/sitee\/wp-json\/wp\/v2\/posts\/845"}],"collection":[{"href":"http:\/\/www.andreaimaginario.com\/sitee\/wp-json\/wp\/v2\/posts"}],"about":[{"href":"http:\/\/www.andreaimaginario.com\/sitee\/wp-json\/wp\/v2\/types\/post"}],"author":[{"embeddable":true,"href":"http:\/\/www.andreaimaginario.com\/sitee\/wp-json\/wp\/v2\/users\/1"}],"replies":[{"embeddable":true,"href":"http:\/\/www.andreaimaginario.com\/sitee\/wp-json\/wp\/v2\/comments?post=845"}],"version-history":[{"count":2,"href":"http:\/\/www.andreaimaginario.com\/sitee\/wp-json\/wp\/v2\/posts\/845\/revisions"}],"predecessor-version":[{"id":847,"href":"http:\/\/www.andreaimaginario.com\/sitee\/wp-json\/wp\/v2\/posts\/845\/revisions\/847"}],"wp:attachment":[{"href":"http:\/\/www.andreaimaginario.com\/sitee\/wp-json\/wp\/v2\/media?parent=845"}],"wp:term":[{"taxonomy":"category","embeddable":true,"href":"http:\/\/www.andreaimaginario.com\/sitee\/wp-json\/wp\/v2\/categories?post=845"},{"taxonomy":"post_tag","embeddable":true,"href":"http:\/\/www.andreaimaginario.com\/sitee\/wp-json\/wp\/v2\/tags?post=845"}],"curies":[{"name":"wp","href":"https:\/\/api.w.org\/{rel}","templated":true}]}}