{"id":974,"date":"2017-07-27T04:46:20","date_gmt":"2017-07-27T08:46:20","guid":{"rendered":"http:\/\/www.andreaimaginario.com\/sitee\/?p=974"},"modified":"2019-02-18T10:13:29","modified_gmt":"2019-02-18T14:13:29","slug":"el-rio-trae-piedras","status":"publish","type":"post","link":"http:\/\/www.andreaimaginario.com\/sitee\/el-rio-trae-piedras\/","title":{"rendered":"El r\u00edo trae piedras"},"content":{"rendered":"<p>El r\u00edo trae piedras.<br \/>\nLas piedras de la revoluci\u00f3n vienen rodando.<br \/>\nEl r\u00edo las arrastra&#8230; \u00bfa d\u00f3nde las lleva?<br \/>\nQue las llevara a la hoguera no tendr\u00eda sentido.<br \/>\nQue las sepultara en el olvido tampoco lo tendr\u00eda.<\/p>\n<p>Las piedras resisten,<br \/>\npero ellas no tienen fuerza.<br \/>\nEl agua busca su rendija.<br \/>\nSe toma su tiempo.<br \/>\nEl agua moldear\u00e1 la piedra.<br \/>\nEl r\u00edo romper\u00e1 el dique.<br \/>\nTarde o temprano vencer\u00e1,<br \/>\nporque el r\u00edo es libre.<\/p>\n<p>Todo r\u00edo es libre.<br \/>\nLa vida es libre.<br \/>\nEl r\u00edo naci\u00f3 con su destino<br \/>\nSoberano, abierto, pujante\u2026<br \/>\n\u00c9l va adonde quiere.<br \/>\nEl r\u00edo empuja, revienta, arrastra.<\/p>\n<p>Cuando el r\u00edo arrastre las piedras<br \/>\nque no se usen para matar.<br \/>\n\u00a1No hay culpa que merezca<br \/>\nel envilecimiento de un alma buena!<\/p>\n<p>Todos saben que con las piedras,<br \/>\nsujetas a la voluntad humana,<br \/>\nlos alba\u00f1iles construyen,<br \/>\nlos artistas esculpen<br \/>\ny los sepultureros graban l\u00e1pidas,<br \/>\ny que todos ellos,<br \/>\nconstruyen memoria.<\/p>\n<p>Estas piedras, hechas memoria,<br \/>\nnos recordar\u00e1n los tiempos<br \/>\nde un pante\u00f3n de \u00eddolos sin milagros<br \/>\ny altares llenos de v\u00edctimas.<\/p>\n<p>Estas piedras servir\u00e1n<br \/>\npara construir el arco del triunfo<br \/>\nde un pueblo que se levanta frente al tirano,<br \/>\ny entonces no servir\u00e1n m\u00e1s<br \/>\npara golpear lomos inocentes<br \/>\nni para levantar guaridas<br \/>\nni para construir diques.<\/p>\n<p>En cada piedra se inscribir\u00e1n<br \/>\nlos cr\u00edmenes de una generaci\u00f3n<br \/>\nque le dio el poder a su pueblo para quit\u00e1rselo,<br \/>\ncomo quien le da un dulce a un ni\u00f1o chiquito<br \/>\ny se lo quita mientras duerme.<\/p>\n<p>Estas piedras ser\u00e1n la memoria<br \/>\nDel rumbo que hemos de cambiar\u2026<br \/>\nel rastro del camino que quedar\u00e1 atr\u00e1s,<br \/>\nla advertencia antes del despe\u00f1adero.<\/p>\n<p>Este r\u00edo no se detiene.<br \/>\nNo hay dique para este r\u00edo.<br \/>\nNo hay tantas piedras.<br \/>\nLas piedras no tienen fuerza.<br \/>\nLas piedras solo se resisten.<br \/>\nEl r\u00edo tiene fuerza.<br \/>\nEl r\u00edo, un d\u00eda, vencer\u00e1.<\/p>\n","protected":false},"excerpt":{"rendered":"<p>El r\u00edo trae piedras. Las piedras de la revoluci\u00f3n vienen rodando. El r\u00edo las arrastra&#8230; \u00bfa d\u00f3nde las lleva? Que las llevara a la hoguera no tendr\u00eda sentido. Que las sepultara en el olvido tampoco lo tendr\u00eda. Las piedras resisten, pero ellas no tienen fuerza. El agua busca su rendija. Se toma su tiempo. El [&hellip;]<\/p>\n","protected":false},"author":1,"featured_media":0,"comment_status":"open","ping_status":"open","sticky":false,"template":"","format":"standard","meta":[],"categories":[1],"tags":[],"_links":{"self":[{"href":"http:\/\/www.andreaimaginario.com\/sitee\/wp-json\/wp\/v2\/posts\/974"}],"collection":[{"href":"http:\/\/www.andreaimaginario.com\/sitee\/wp-json\/wp\/v2\/posts"}],"about":[{"href":"http:\/\/www.andreaimaginario.com\/sitee\/wp-json\/wp\/v2\/types\/post"}],"author":[{"embeddable":true,"href":"http:\/\/www.andreaimaginario.com\/sitee\/wp-json\/wp\/v2\/users\/1"}],"replies":[{"embeddable":true,"href":"http:\/\/www.andreaimaginario.com\/sitee\/wp-json\/wp\/v2\/comments?post=974"}],"version-history":[{"count":5,"href":"http:\/\/www.andreaimaginario.com\/sitee\/wp-json\/wp\/v2\/posts\/974\/revisions"}],"predecessor-version":[{"id":1841,"href":"http:\/\/www.andreaimaginario.com\/sitee\/wp-json\/wp\/v2\/posts\/974\/revisions\/1841"}],"wp:attachment":[{"href":"http:\/\/www.andreaimaginario.com\/sitee\/wp-json\/wp\/v2\/media?parent=974"}],"wp:term":[{"taxonomy":"category","embeddable":true,"href":"http:\/\/www.andreaimaginario.com\/sitee\/wp-json\/wp\/v2\/categories?post=974"},{"taxonomy":"post_tag","embeddable":true,"href":"http:\/\/www.andreaimaginario.com\/sitee\/wp-json\/wp\/v2\/tags?post=974"}],"curies":[{"name":"wp","href":"https:\/\/api.w.org\/{rel}","templated":true}]}}